{"id":817,"date":"2024-05-31T17:30:58","date_gmt":"2024-05-31T15:30:58","guid":{"rendered":"https:\/\/umwelt-leipzig.de\/foerdervereinumweltinformationszentrumcms\/?p=817"},"modified":"2024-11-22T17:42:32","modified_gmt":"2024-11-22T16:42:32","slug":"68-leipziger-naturschutzwoche","status":"publish","type":"post","link":"https:\/\/umwelt-leipzig.de\/foerdervereinumweltinformationszentrumcms\/68-leipziger-naturschutzwoche\/","title":{"rendered":"68. Leipziger Naturschutzwoche"},"content":{"rendered":"<p>Im Rahmen der\u00a068.\u00a0Leipziger Naturschutzwoche zum Thema: \u201eGesundheit und Naturschutz\u201c hatten wir\u00a0am 29. Mai eine ausgebuchte Busexkursion des UiZ gef\u00f6rdert zum Thema \u201eRekultivierung und Biodiversit\u00e4t erleben\u201c zur Zentraldeponie Cr\u00f6bern mit der Mechanisch-Biologischen Abfallbehandlungsanlage. Den Kooperationspartner vor Ort, der Zweckverband Abfallwirtschaft Westsachsen (ZAW) und die Wests\u00e4chsischen Entsorgungs- und Verwertungsgesellschaft mbH (WEV) wird f\u00fcr die sachkundigen F\u00fchrungen herzlich gedankt! \u00a0Es gab Einblicke in die modernen Anlagen des Entsorgungsstandortes, in denen Restabf\u00e4lle, Sperrm\u00fcll und Bioabf\u00e4lle der Stadt Leipzig und des Landkreises Leipzig verwertet werden sowie Informationen \u00fcber die Gewinnung von Wertstoffen und die Erzeugung von Energie und Kompost aus den Abf\u00e4llen. Das Highlight der Tour war der dieses Mal auch aufgrund der Thematik der Aufstieg und Blick \u00fcber das Leipziger Neuseenland mit Erl\u00e4uterungen zum Deponiebau, Nutzungsm\u00f6glichkeiten und Ma\u00dfnahmen zum Naturschutz.<\/p>\n","protected":false},"excerpt":{"rendered":"<p>Im Rahmen der\u00a068.\u00a0Leipziger Naturschutzwoche zum Thema: \u201eGesundheit und Naturschutz\u201c hatten wir\u00a0am 29. Mai eine ausgebuchte Busexkursion des UiZ gef\u00f6rdert zum Thema \u201eRekultivierung und Biodiversit\u00e4t erleben\u201c zur Zentraldeponie Cr\u00f6bern mit der Mechanisch-Biologischen Abfallbehandlungsanlage. Den Kooperationspartner vor Ort, der Zweckverband Abfallwirtschaft Westsachsen (ZAW) und die Wests\u00e4chsischen Entsorgungs- und Verwertungsgesellschaft mbH (WEV) wird f\u00fcr die sachkundigen F\u00fchrungen herzlich [&hellip;]<\/p>\n","protected":false},"author":1,"featured_media":0,"comment_status":"closed","ping_status":"open","sticky":false,"template":"","format":"standard","meta":{"_et_pb_use_builder":"","_et_pb_old_content":"","_et_gb_content_width":"","_jetpack_memberships_contains_paid_content":false,"footnotes":""},"categories":[8],"tags":[],"class_list":["post-817","post","type-post","status-publish","format-standard","hentry","category-rueckblick-berichte"],"yoast_head":"<!-- This site is optimized with the Yoast SEO plugin v25.4 - https:\/\/yoast.com\/wordpress\/plugins\/seo\/ -->\n<title>68. Leipziger Naturschutzwoche - F\u00f6rderverein Umweltinformationszentrum Leipzig<\/title>\n<meta name=\"robots\" content=\"index, follow, max-snippet:-1, max-image-preview:large, max-video-preview:-1\" \/>\n<link rel=\"canonical\" href=\"https:\/\/umwelt-leipzig.de\/foerdervereinumweltinformationszentrumcms\/68-leipziger-naturschutzwoche\/\" \/>\n<meta property=\"og:locale\" content=\"de_DE\" \/>\n<meta property=\"og:type\" content=\"article\" \/>\n<meta property=\"og:title\" content=\"68. Leipziger Naturschutzwoche - F\u00f6rderverein Umweltinformationszentrum Leipzig\" \/>\n<meta property=\"og:description\" content=\"Im Rahmen der\u00a068.\u00a0Leipziger Naturschutzwoche zum Thema: \u201eGesundheit und Naturschutz\u201c hatten wir\u00a0am 29. Mai eine ausgebuchte Busexkursion des UiZ gef\u00f6rdert zum Thema \u201eRekultivierung und Biodiversit\u00e4t erleben\u201c zur Zentraldeponie Cr\u00f6bern mit der Mechanisch-Biologischen Abfallbehandlungsanlage. Den Kooperationspartner vor Ort, der Zweckverband Abfallwirtschaft Westsachsen (ZAW) und die Wests\u00e4chsischen Entsorgungs- und Verwertungsgesellschaft mbH (WEV) wird f\u00fcr die sachkundigen F\u00fchrungen herzlich [&hellip;]\" \/>\n<meta property=\"og:url\" content=\"https:\/\/umwelt-leipzig.de\/foerdervereinumweltinformationszentrumcms\/68-leipziger-naturschutzwoche\/\" \/>\n<meta property=\"og:site_name\" content=\"F\u00f6rderverein Umweltinformationszentrum Leipzig\" \/>\n<meta property=\"article:published_time\" content=\"2024-05-31T15:30:58+00:00\" \/>\n<meta property=\"article:modified_time\" content=\"2024-11-22T16:42:32+00:00\" \/>\n<meta name=\"author\" content=\"Umweltinformationszentrum Leipzig\" \/>\n<meta name=\"twitter:card\" content=\"summary_large_image\" \/>\n<meta name=\"twitter:label1\" content=\"Verfasst von\" \/>\n\t<meta name=\"twitter:data1\" content=\"Umweltinformationszentrum Leipzig\" \/>\n<script type=\"application\/ld+json\" class=\"yoast-schema-graph\">{\"@context\":\"https:\/\/schema.org\",\"@graph\":[{\"@type\":\"WebPage\",\"@id\":\"https:\/\/umwelt-leipzig.de\/foerdervereinumweltinformationszentrumcms\/68-leipziger-naturschutzwoche\/\",\"url\":\"https:\/\/umwelt-leipzig.de\/foerdervereinumweltinformationszentrumcms\/68-leipziger-naturschutzwoche\/\",\"name\":\"68. Leipziger Naturschutzwoche - F\u00f6rderverein Umweltinformationszentrum Leipzig\",\"isPartOf\":{\"@id\":\"https:\/\/umwelt-leipzig.de\/foerdervereinumweltinformationszentrumcms\/#website\"},\"datePublished\":\"2024-05-31T15:30:58+00:00\",\"dateModified\":\"2024-11-22T16:42:32+00:00\",\"author\":{\"@id\":\"https:\/\/umwelt-leipzig.de\/foerdervereinumweltinformationszentrumcms\/#\/schema\/person\/c2a315c74b5bfc8015488cded231ceb9\"},\"breadcrumb\":{\"@id\":\"https:\/\/umwelt-leipzig.de\/foerdervereinumweltinformationszentrumcms\/68-leipziger-naturschutzwoche\/#breadcrumb\"},\"inLanguage\":\"de\",\"potentialAction\":[{\"@type\":\"ReadAction\",\"target\":[\"https:\/\/umwelt-leipzig.de\/foerdervereinumweltinformationszentrumcms\/68-leipziger-naturschutzwoche\/\"]}]},{\"@type\":\"BreadcrumbList\",\"@id\":\"https:\/\/umwelt-leipzig.de\/foerdervereinumweltinformationszentrumcms\/68-leipziger-naturschutzwoche\/#breadcrumb\",\"itemListElement\":[{\"@type\":\"ListItem\",\"position\":1,\"name\":\"Startseite\",\"item\":\"https:\/\/umwelt-leipzig.de\/foerdervereinumweltinformationszentrumcms\/\"},{\"@type\":\"ListItem\",\"position\":2,\"name\":\"68. Leipziger Naturschutzwoche\"}]},{\"@type\":\"WebSite\",\"@id\":\"https:\/\/umwelt-leipzig.de\/foerdervereinumweltinformationszentrumcms\/#website\",\"url\":\"https:\/\/umwelt-leipzig.de\/foerdervereinumweltinformationszentrumcms\/\",\"name\":\"F\u00f6rderverein Umweltinformationszentrum Leipzig\",\"description\":\"F\u00f6rderverein UiZ e. V.\",\"potentialAction\":[{\"@type\":\"SearchAction\",\"target\":{\"@type\":\"EntryPoint\",\"urlTemplate\":\"https:\/\/umwelt-leipzig.de\/foerdervereinumweltinformationszentrumcms\/?s={search_term_string}\"},\"query-input\":{\"@type\":\"PropertyValueSpecification\",\"valueRequired\":true,\"valueName\":\"search_term_string\"}}],\"inLanguage\":\"de\"},{\"@type\":\"Person\",\"@id\":\"https:\/\/umwelt-leipzig.de\/foerdervereinumweltinformationszentrumcms\/#\/schema\/person\/c2a315c74b5bfc8015488cded231ceb9\",\"name\":\"Umweltinformationszentrum Leipzig\",\"image\":{\"@type\":\"ImageObject\",\"inLanguage\":\"de\",\"@id\":\"https:\/\/umwelt-leipzig.de\/foerdervereinumweltinformationszentrumcms\/#\/schema\/person\/image\/\",\"url\":\"https:\/\/secure.gravatar.com\/avatar\/98db8b26ac9038e533959cf02f11428d3a24180eba9a60614ade3cd609c3b89d?s=96&d=mm&r=g\",\"contentUrl\":\"https:\/\/secure.gravatar.com\/avatar\/98db8b26ac9038e533959cf02f11428d3a24180eba9a60614ade3cd609c3b89d?s=96&d=mm&r=g\",\"caption\":\"Umweltinformationszentrum Leipzig\"},\"sameAs\":[\"http:\/\/umwelt-leipzig.de\/foerdervereinumweltinformationszentrumcms\"],\"url\":\"https:\/\/umwelt-leipzig.de\/foerdervereinumweltinformationszentrumcms\/author\/umweltinformationszentrum-leipzig\/\"}]}<\/script>\n<!-- \/ Yoast SEO plugin. -->","yoast_head_json":{"title":"68. Leipziger Naturschutzwoche - F\u00f6rderverein Umweltinformationszentrum Leipzig","robots":{"index":"index","follow":"follow","max-snippet":"max-snippet:-1","max-image-preview":"max-image-preview:large","max-video-preview":"max-video-preview:-1"},"canonical":"https:\/\/umwelt-leipzig.de\/foerdervereinumweltinformationszentrumcms\/68-leipziger-naturschutzwoche\/","og_locale":"de_DE","og_type":"article","og_title":"68. Leipziger Naturschutzwoche - F\u00f6rderverein Umweltinformationszentrum Leipzig","og_description":"Im Rahmen der\u00a068.\u00a0Leipziger Naturschutzwoche zum Thema: \u201eGesundheit und Naturschutz\u201c hatten wir\u00a0am 29. Mai eine ausgebuchte Busexkursion des UiZ gef\u00f6rdert zum Thema \u201eRekultivierung und Biodiversit\u00e4t erleben\u201c zur Zentraldeponie Cr\u00f6bern mit der Mechanisch-Biologischen Abfallbehandlungsanlage. Den Kooperationspartner vor Ort, der Zweckverband Abfallwirtschaft Westsachsen (ZAW) und die Wests\u00e4chsischen Entsorgungs- und Verwertungsgesellschaft mbH (WEV) wird f\u00fcr die sachkundigen F\u00fchrungen herzlich [&hellip;]","og_url":"https:\/\/umwelt-leipzig.de\/foerdervereinumweltinformationszentrumcms\/68-leipziger-naturschutzwoche\/","og_site_name":"F\u00f6rderverein Umweltinformationszentrum Leipzig","article_published_time":"2024-05-31T15:30:58+00:00","article_modified_time":"2024-11-22T16:42:32+00:00","author":"Umweltinformationszentrum Leipzig","twitter_card":"summary_large_image","twitter_misc":{"Verfasst von":"Umweltinformationszentrum Leipzig"},"schema":{"@context":"https:\/\/schema.org","@graph":[{"@type":"WebPage","@id":"https:\/\/umwelt-leipzig.de\/foerdervereinumweltinformationszentrumcms\/68-leipziger-naturschutzwoche\/","url":"https:\/\/umwelt-leipzig.de\/foerdervereinumweltinformationszentrumcms\/68-leipziger-naturschutzwoche\/","name":"68. Leipziger Naturschutzwoche - F\u00f6rderverein Umweltinformationszentrum Leipzig","isPartOf":{"@id":"https:\/\/umwelt-leipzig.de\/foerdervereinumweltinformationszentrumcms\/#website"},"datePublished":"2024-05-31T15:30:58+00:00","dateModified":"2024-11-22T16:42:32+00:00","author":{"@id":"https:\/\/umwelt-leipzig.de\/foerdervereinumweltinformationszentrumcms\/#\/schema\/person\/c2a315c74b5bfc8015488cded231ceb9"},"breadcrumb":{"@id":"https:\/\/umwelt-leipzig.de\/foerdervereinumweltinformationszentrumcms\/68-leipziger-naturschutzwoche\/#breadcrumb"},"inLanguage":"de","potentialAction":[{"@type":"ReadAction","target":["https:\/\/umwelt-leipzig.de\/foerdervereinumweltinformationszentrumcms\/68-leipziger-naturschutzwoche\/"]}]},{"@type":"BreadcrumbList","@id":"https:\/\/umwelt-leipzig.de\/foerdervereinumweltinformationszentrumcms\/68-leipziger-naturschutzwoche\/#breadcrumb","itemListElement":[{"@type":"ListItem","position":1,"name":"Startseite","item":"https:\/\/umwelt-leipzig.de\/foerdervereinumweltinformationszentrumcms\/"},{"@type":"ListItem","position":2,"name":"68. Leipziger Naturschutzwoche"}]},{"@type":"WebSite","@id":"https:\/\/umwelt-leipzig.de\/foerdervereinumweltinformationszentrumcms\/#website","url":"https:\/\/umwelt-leipzig.de\/foerdervereinumweltinformationszentrumcms\/","name":"F\u00f6rderverein Umweltinformationszentrum Leipzig","description":"F\u00f6rderverein UiZ e. V.","potentialAction":[{"@type":"SearchAction","target":{"@type":"EntryPoint","urlTemplate":"https:\/\/umwelt-leipzig.de\/foerdervereinumweltinformationszentrumcms\/?s={search_term_string}"},"query-input":{"@type":"PropertyValueSpecification","valueRequired":true,"valueName":"search_term_string"}}],"inLanguage":"de"},{"@type":"Person","@id":"https:\/\/umwelt-leipzig.de\/foerdervereinumweltinformationszentrumcms\/#\/schema\/person\/c2a315c74b5bfc8015488cded231ceb9","name":"Umweltinformationszentrum Leipzig","image":{"@type":"ImageObject","inLanguage":"de","@id":"https:\/\/umwelt-leipzig.de\/foerdervereinumweltinformationszentrumcms\/#\/schema\/person\/image\/","url":"https:\/\/secure.gravatar.com\/avatar\/98db8b26ac9038e533959cf02f11428d3a24180eba9a60614ade3cd609c3b89d?s=96&d=mm&r=g","contentUrl":"https:\/\/secure.gravatar.com\/avatar\/98db8b26ac9038e533959cf02f11428d3a24180eba9a60614ade3cd609c3b89d?s=96&d=mm&r=g","caption":"Umweltinformationszentrum Leipzig"},"sameAs":["http:\/\/umwelt-leipzig.de\/foerdervereinumweltinformationszentrumcms"],"url":"https:\/\/umwelt-leipzig.de\/foerdervereinumweltinformationszentrumcms\/author\/umweltinformationszentrum-leipzig\/"}]}},"jetpack_featured_media_url":"","jetpack_shortlink":"https:\/\/wp.me\/pcQFmY-db","jetpack_sharing_enabled":true,"_links":{"self":[{"href":"https:\/\/umwelt-leipzig.de\/foerdervereinumweltinformationszentrumcms\/wp-json\/wp\/v2\/posts\/817","targetHints":{"allow":["GET"]}}],"collection":[{"href":"https:\/\/umwelt-leipzig.de\/foerdervereinumweltinformationszentrumcms\/wp-json\/wp\/v2\/posts"}],"about":[{"href":"https:\/\/umwelt-leipzig.de\/foerdervereinumweltinformationszentrumcms\/wp-json\/wp\/v2\/types\/post"}],"author":[{"embeddable":true,"href":"https:\/\/umwelt-leipzig.de\/foerdervereinumweltinformationszentrumcms\/wp-json\/wp\/v2\/users\/1"}],"replies":[{"embeddable":true,"href":"https:\/\/umwelt-leipzig.de\/foerdervereinumweltinformationszentrumcms\/wp-json\/wp\/v2\/comments?post=817"}],"version-history":[{"count":1,"href":"https:\/\/umwelt-leipzig.de\/foerdervereinumweltinformationszentrumcms\/wp-json\/wp\/v2\/posts\/817\/revisions"}],"predecessor-version":[{"id":818,"href":"https:\/\/umwelt-leipzig.de\/foerdervereinumweltinformationszentrumcms\/wp-json\/wp\/v2\/posts\/817\/revisions\/818"}],"wp:attachment":[{"href":"https:\/\/umwelt-leipzig.de\/foerdervereinumweltinformationszentrumcms\/wp-json\/wp\/v2\/media?parent=817"}],"wp:term":[{"taxonomy":"category","embeddable":true,"href":"https:\/\/umwelt-leipzig.de\/foerdervereinumweltinformationszentrumcms\/wp-json\/wp\/v2\/categories?post=817"},{"taxonomy":"post_tag","embeddable":true,"href":"https:\/\/umwelt-leipzig.de\/foerdervereinumweltinformationszentrumcms\/wp-json\/wp\/v2\/tags?post=817"}],"curies":[{"name":"wp","href":"https:\/\/api.w.org\/{rel}","templated":true}]}}