{"id":865,"date":"2024-09-23T09:59:49","date_gmt":"2024-09-23T07:59:49","guid":{"rendered":"https:\/\/umwelt-leipzig.de\/foerdervereinumweltinformationszentrumcms\/?p=865"},"modified":"2024-12-18T10:01:50","modified_gmt":"2024-12-18T09:01:50","slug":"tag-der-offenen-tuer-des-eigenbetriebes-stadtreinigung-und-gruenpflege","status":"publish","type":"post","link":"https:\/\/umwelt-leipzig.de\/foerdervereinumweltinformationszentrumcms\/tag-der-offenen-tuer-des-eigenbetriebes-stadtreinigung-und-gruenpflege\/","title":{"rendered":"Tag der offenen T\u00fcr des Eigenbetriebes Stadtreinigung und Gr\u00fcnpflege"},"content":{"rendered":"<p>Am 21. September 2024 lud die Stadt\u00a0 zum Tag der offenen T\u00fcr des Eigenbetriebes Stadtreinigung und Gr\u00fcnpflege gemeinsam mit Kooperationspartner am Standort Geithainer Str. 60 von 11 \u2013 16 Uhr ein.<br \/>\nAuch das UiZ war\u00a0 mit einem Infostand dabei, den wir als F\u00f6rderverein unterst\u00fctzten. Fahrzeuge und Technik, Abfallquiz, Basteln und Beratung, Musik, Tanz und \u2013 all das gab es beim Tag der offenen T\u00fcr, Programm siehe <a href=\"https:\/\/stadtreinigung-leipzig.de\/aktuelles\/unsere-aussteller-beim-tag-der-offenen-tuer%21\" target=\"_blank\" rel=\"noopener\">hier<\/a>.<\/p>\n<p>&nbsp;<\/p>\n<p><em>Foto: Stadt Leipzig<\/em><\/p>\n","protected":false},"excerpt":{"rendered":"<p>Am 21. September 2024 lud die Stadt\u00a0 zum Tag der offenen T\u00fcr des Eigenbetriebes Stadtreinigung und Gr\u00fcnpflege gemeinsam mit Kooperationspartner am Standort Geithainer Str. 60 von 11 \u2013 16 Uhr ein. Auch das UiZ war\u00a0 mit einem Infostand dabei, den wir als F\u00f6rderverein unterst\u00fctzten. Fahrzeuge und Technik, Abfallquiz, Basteln und Beratung, Musik, Tanz und \u2013 [&hellip;]<\/p>\n","protected":false},"author":1,"featured_media":287,"comment_status":"closed","ping_status":"open","sticky":false,"template":"","format":"standard","meta":{"_et_pb_use_builder":"","_et_pb_old_content":"","_et_gb_content_width":"","_jetpack_memberships_contains_paid_content":false,"footnotes":""},"categories":[8],"tags":[],"class_list":["post-865","post","type-post","status-publish","format-standard","has-post-thumbnail","hentry","category-rueckblick-berichte"],"yoast_head":"<!-- This site is optimized with the Yoast SEO plugin v25.4 - https:\/\/yoast.com\/wordpress\/plugins\/seo\/ -->\n<title>Tag der offenen T\u00fcr des Eigenbetriebes Stadtreinigung und Gr\u00fcnpflege - F\u00f6rderverein Umweltinformationszentrum Leipzig<\/title>\n<meta name=\"robots\" content=\"index, follow, max-snippet:-1, max-image-preview:large, max-video-preview:-1\" \/>\n<link rel=\"canonical\" href=\"https:\/\/umwelt-leipzig.de\/foerdervereinumweltinformationszentrumcms\/tag-der-offenen-tuer-des-eigenbetriebes-stadtreinigung-und-gruenpflege\/\" \/>\n<meta property=\"og:locale\" content=\"de_DE\" \/>\n<meta property=\"og:type\" content=\"article\" \/>\n<meta property=\"og:title\" content=\"Tag der offenen T\u00fcr des Eigenbetriebes Stadtreinigung und Gr\u00fcnpflege - F\u00f6rderverein Umweltinformationszentrum Leipzig\" \/>\n<meta property=\"og:description\" content=\"Am 21. September 2024 lud die Stadt\u00a0 zum Tag der offenen T\u00fcr des Eigenbetriebes Stadtreinigung und Gr\u00fcnpflege gemeinsam mit Kooperationspartner am Standort Geithainer Str. 60 von 11 \u2013 16 Uhr ein. Auch das UiZ war\u00a0 mit einem Infostand dabei, den wir als F\u00f6rderverein unterst\u00fctzten. Fahrzeuge und Technik, Abfallquiz, Basteln und Beratung, Musik, Tanz und \u2013 [&hellip;]\" \/>\n<meta property=\"og:url\" content=\"https:\/\/umwelt-leipzig.de\/foerdervereinumweltinformationszentrumcms\/tag-der-offenen-tuer-des-eigenbetriebes-stadtreinigung-und-gruenpflege\/\" \/>\n<meta property=\"og:site_name\" content=\"F\u00f6rderverein Umweltinformationszentrum Leipzig\" \/>\n<meta property=\"article:published_time\" content=\"2024-09-23T07:59:49+00:00\" \/>\n<meta property=\"article:modified_time\" content=\"2024-12-18T09:01:50+00:00\" \/>\n<meta property=\"og:image\" content=\"https:\/\/umwelt-leipzig.de\/foerdervereinumweltinformationszentrumcms\/wp-content\/uploads\/2021\/04\/bioabfall_foto_stadt_leipzig.jpg\" \/>\n\t<meta property=\"og:image:width\" content=\"1920\" \/>\n\t<meta property=\"og:image:height\" content=\"1385\" \/>\n\t<meta property=\"og:image:type\" content=\"image\/jpeg\" \/>\n<meta name=\"author\" content=\"Umweltinformationszentrum Leipzig\" \/>\n<meta name=\"twitter:card\" content=\"summary_large_image\" \/>\n<meta name=\"twitter:label1\" content=\"Verfasst von\" \/>\n\t<meta name=\"twitter:data1\" content=\"Umweltinformationszentrum Leipzig\" \/>\n\t<meta name=\"twitter:label2\" content=\"Gesch\u00e4tzte Lesezeit\" \/>\n\t<meta name=\"twitter:data2\" content=\"1\u00a0Minute\" \/>\n<script type=\"application\/ld+json\" class=\"yoast-schema-graph\">{\"@context\":\"https:\/\/schema.org\",\"@graph\":[{\"@type\":\"WebPage\",\"@id\":\"https:\/\/umwelt-leipzig.de\/foerdervereinumweltinformationszentrumcms\/tag-der-offenen-tuer-des-eigenbetriebes-stadtreinigung-und-gruenpflege\/\",\"url\":\"https:\/\/umwelt-leipzig.de\/foerdervereinumweltinformationszentrumcms\/tag-der-offenen-tuer-des-eigenbetriebes-stadtreinigung-und-gruenpflege\/\",\"name\":\"Tag der offenen T\u00fcr des Eigenbetriebes Stadtreinigung und Gr\u00fcnpflege - F\u00f6rderverein Umweltinformationszentrum Leipzig\",\"isPartOf\":{\"@id\":\"https:\/\/umwelt-leipzig.de\/foerdervereinumweltinformationszentrumcms\/#website\"},\"primaryImageOfPage\":{\"@id\":\"https:\/\/umwelt-leipzig.de\/foerdervereinumweltinformationszentrumcms\/tag-der-offenen-tuer-des-eigenbetriebes-stadtreinigung-und-gruenpflege\/#primaryimage\"},\"image\":{\"@id\":\"https:\/\/umwelt-leipzig.de\/foerdervereinumweltinformationszentrumcms\/tag-der-offenen-tuer-des-eigenbetriebes-stadtreinigung-und-gruenpflege\/#primaryimage\"},\"thumbnailUrl\":\"https:\/\/umwelt-leipzig.de\/foerdervereinumweltinformationszentrumcms\/wp-content\/uploads\/2021\/04\/bioabfall_foto_stadt_leipzig.jpg\",\"datePublished\":\"2024-09-23T07:59:49+00:00\",\"dateModified\":\"2024-12-18T09:01:50+00:00\",\"author\":{\"@id\":\"https:\/\/umwelt-leipzig.de\/foerdervereinumweltinformationszentrumcms\/#\/schema\/person\/c2a315c74b5bfc8015488cded231ceb9\"},\"breadcrumb\":{\"@id\":\"https:\/\/umwelt-leipzig.de\/foerdervereinumweltinformationszentrumcms\/tag-der-offenen-tuer-des-eigenbetriebes-stadtreinigung-und-gruenpflege\/#breadcrumb\"},\"inLanguage\":\"de\",\"potentialAction\":[{\"@type\":\"ReadAction\",\"target\":[\"https:\/\/umwelt-leipzig.de\/foerdervereinumweltinformationszentrumcms\/tag-der-offenen-tuer-des-eigenbetriebes-stadtreinigung-und-gruenpflege\/\"]}]},{\"@type\":\"ImageObject\",\"inLanguage\":\"de\",\"@id\":\"https:\/\/umwelt-leipzig.de\/foerdervereinumweltinformationszentrumcms\/tag-der-offenen-tuer-des-eigenbetriebes-stadtreinigung-und-gruenpflege\/#primaryimage\",\"url\":\"https:\/\/umwelt-leipzig.de\/foerdervereinumweltinformationszentrumcms\/wp-content\/uploads\/2021\/04\/bioabfall_foto_stadt_leipzig.jpg\",\"contentUrl\":\"https:\/\/umwelt-leipzig.de\/foerdervereinumweltinformationszentrumcms\/wp-content\/uploads\/2021\/04\/bioabfall_foto_stadt_leipzig.jpg\",\"width\":1920,\"height\":1385},{\"@type\":\"BreadcrumbList\",\"@id\":\"https:\/\/umwelt-leipzig.de\/foerdervereinumweltinformationszentrumcms\/tag-der-offenen-tuer-des-eigenbetriebes-stadtreinigung-und-gruenpflege\/#breadcrumb\",\"itemListElement\":[{\"@type\":\"ListItem\",\"position\":1,\"name\":\"Startseite\",\"item\":\"https:\/\/umwelt-leipzig.de\/foerdervereinumweltinformationszentrumcms\/\"},{\"@type\":\"ListItem\",\"position\":2,\"name\":\"Tag der offenen T\u00fcr des Eigenbetriebes Stadtreinigung und Gr\u00fcnpflege\"}]},{\"@type\":\"WebSite\",\"@id\":\"https:\/\/umwelt-leipzig.de\/foerdervereinumweltinformationszentrumcms\/#website\",\"url\":\"https:\/\/umwelt-leipzig.de\/foerdervereinumweltinformationszentrumcms\/\",\"name\":\"F\u00f6rderverein Umweltinformationszentrum Leipzig\",\"description\":\"F\u00f6rderverein UiZ e. V.\",\"potentialAction\":[{\"@type\":\"SearchAction\",\"target\":{\"@type\":\"EntryPoint\",\"urlTemplate\":\"https:\/\/umwelt-leipzig.de\/foerdervereinumweltinformationszentrumcms\/?s={search_term_string}\"},\"query-input\":{\"@type\":\"PropertyValueSpecification\",\"valueRequired\":true,\"valueName\":\"search_term_string\"}}],\"inLanguage\":\"de\"},{\"@type\":\"Person\",\"@id\":\"https:\/\/umwelt-leipzig.de\/foerdervereinumweltinformationszentrumcms\/#\/schema\/person\/c2a315c74b5bfc8015488cded231ceb9\",\"name\":\"Umweltinformationszentrum Leipzig\",\"image\":{\"@type\":\"ImageObject\",\"inLanguage\":\"de\",\"@id\":\"https:\/\/umwelt-leipzig.de\/foerdervereinumweltinformationszentrumcms\/#\/schema\/person\/image\/\",\"url\":\"https:\/\/secure.gravatar.com\/avatar\/98db8b26ac9038e533959cf02f11428d3a24180eba9a60614ade3cd609c3b89d?s=96&d=mm&r=g\",\"contentUrl\":\"https:\/\/secure.gravatar.com\/avatar\/98db8b26ac9038e533959cf02f11428d3a24180eba9a60614ade3cd609c3b89d?s=96&d=mm&r=g\",\"caption\":\"Umweltinformationszentrum Leipzig\"},\"sameAs\":[\"http:\/\/umwelt-leipzig.de\/foerdervereinumweltinformationszentrumcms\"],\"url\":\"https:\/\/umwelt-leipzig.de\/foerdervereinumweltinformationszentrumcms\/author\/umweltinformationszentrum-leipzig\/\"}]}<\/script>\n<!-- \/ Yoast SEO plugin. -->","yoast_head_json":{"title":"Tag der offenen T\u00fcr des Eigenbetriebes Stadtreinigung und Gr\u00fcnpflege - F\u00f6rderverein Umweltinformationszentrum Leipzig","robots":{"index":"index","follow":"follow","max-snippet":"max-snippet:-1","max-image-preview":"max-image-preview:large","max-video-preview":"max-video-preview:-1"},"canonical":"https:\/\/umwelt-leipzig.de\/foerdervereinumweltinformationszentrumcms\/tag-der-offenen-tuer-des-eigenbetriebes-stadtreinigung-und-gruenpflege\/","og_locale":"de_DE","og_type":"article","og_title":"Tag der offenen T\u00fcr des Eigenbetriebes Stadtreinigung und Gr\u00fcnpflege - F\u00f6rderverein Umweltinformationszentrum Leipzig","og_description":"Am 21. September 2024 lud die Stadt\u00a0 zum Tag der offenen T\u00fcr des Eigenbetriebes Stadtreinigung und Gr\u00fcnpflege gemeinsam mit Kooperationspartner am Standort Geithainer Str. 60 von 11 \u2013 16 Uhr ein. Auch das UiZ war\u00a0 mit einem Infostand dabei, den wir als F\u00f6rderverein unterst\u00fctzten. Fahrzeuge und Technik, Abfallquiz, Basteln und Beratung, Musik, Tanz und \u2013 [&hellip;]","og_url":"https:\/\/umwelt-leipzig.de\/foerdervereinumweltinformationszentrumcms\/tag-der-offenen-tuer-des-eigenbetriebes-stadtreinigung-und-gruenpflege\/","og_site_name":"F\u00f6rderverein Umweltinformationszentrum Leipzig","article_published_time":"2024-09-23T07:59:49+00:00","article_modified_time":"2024-12-18T09:01:50+00:00","og_image":[{"width":1920,"height":1385,"url":"https:\/\/umwelt-leipzig.de\/foerdervereinumweltinformationszentrumcms\/wp-content\/uploads\/2021\/04\/bioabfall_foto_stadt_leipzig.jpg","type":"image\/jpeg"}],"author":"Umweltinformationszentrum Leipzig","twitter_card":"summary_large_image","twitter_misc":{"Verfasst von":"Umweltinformationszentrum Leipzig","Gesch\u00e4tzte Lesezeit":"1\u00a0Minute"},"schema":{"@context":"https:\/\/schema.org","@graph":[{"@type":"WebPage","@id":"https:\/\/umwelt-leipzig.de\/foerdervereinumweltinformationszentrumcms\/tag-der-offenen-tuer-des-eigenbetriebes-stadtreinigung-und-gruenpflege\/","url":"https:\/\/umwelt-leipzig.de\/foerdervereinumweltinformationszentrumcms\/tag-der-offenen-tuer-des-eigenbetriebes-stadtreinigung-und-gruenpflege\/","name":"Tag der offenen T\u00fcr des Eigenbetriebes Stadtreinigung und Gr\u00fcnpflege - F\u00f6rderverein Umweltinformationszentrum Leipzig","isPartOf":{"@id":"https:\/\/umwelt-leipzig.de\/foerdervereinumweltinformationszentrumcms\/#website"},"primaryImageOfPage":{"@id":"https:\/\/umwelt-leipzig.de\/foerdervereinumweltinformationszentrumcms\/tag-der-offenen-tuer-des-eigenbetriebes-stadtreinigung-und-gruenpflege\/#primaryimage"},"image":{"@id":"https:\/\/umwelt-leipzig.de\/foerdervereinumweltinformationszentrumcms\/tag-der-offenen-tuer-des-eigenbetriebes-stadtreinigung-und-gruenpflege\/#primaryimage"},"thumbnailUrl":"https:\/\/umwelt-leipzig.de\/foerdervereinumweltinformationszentrumcms\/wp-content\/uploads\/2021\/04\/bioabfall_foto_stadt_leipzig.jpg","datePublished":"2024-09-23T07:59:49+00:00","dateModified":"2024-12-18T09:01:50+00:00","author":{"@id":"https:\/\/umwelt-leipzig.de\/foerdervereinumweltinformationszentrumcms\/#\/schema\/person\/c2a315c74b5bfc8015488cded231ceb9"},"breadcrumb":{"@id":"https:\/\/umwelt-leipzig.de\/foerdervereinumweltinformationszentrumcms\/tag-der-offenen-tuer-des-eigenbetriebes-stadtreinigung-und-gruenpflege\/#breadcrumb"},"inLanguage":"de","potentialAction":[{"@type":"ReadAction","target":["https:\/\/umwelt-leipzig.de\/foerdervereinumweltinformationszentrumcms\/tag-der-offenen-tuer-des-eigenbetriebes-stadtreinigung-und-gruenpflege\/"]}]},{"@type":"ImageObject","inLanguage":"de","@id":"https:\/\/umwelt-leipzig.de\/foerdervereinumweltinformationszentrumcms\/tag-der-offenen-tuer-des-eigenbetriebes-stadtreinigung-und-gruenpflege\/#primaryimage","url":"https:\/\/umwelt-leipzig.de\/foerdervereinumweltinformationszentrumcms\/wp-content\/uploads\/2021\/04\/bioabfall_foto_stadt_leipzig.jpg","contentUrl":"https:\/\/umwelt-leipzig.de\/foerdervereinumweltinformationszentrumcms\/wp-content\/uploads\/2021\/04\/bioabfall_foto_stadt_leipzig.jpg","width":1920,"height":1385},{"@type":"BreadcrumbList","@id":"https:\/\/umwelt-leipzig.de\/foerdervereinumweltinformationszentrumcms\/tag-der-offenen-tuer-des-eigenbetriebes-stadtreinigung-und-gruenpflege\/#breadcrumb","itemListElement":[{"@type":"ListItem","position":1,"name":"Startseite","item":"https:\/\/umwelt-leipzig.de\/foerdervereinumweltinformationszentrumcms\/"},{"@type":"ListItem","position":2,"name":"Tag der offenen T\u00fcr des Eigenbetriebes Stadtreinigung und Gr\u00fcnpflege"}]},{"@type":"WebSite","@id":"https:\/\/umwelt-leipzig.de\/foerdervereinumweltinformationszentrumcms\/#website","url":"https:\/\/umwelt-leipzig.de\/foerdervereinumweltinformationszentrumcms\/","name":"F\u00f6rderverein Umweltinformationszentrum Leipzig","description":"F\u00f6rderverein UiZ e. V.","potentialAction":[{"@type":"SearchAction","target":{"@type":"EntryPoint","urlTemplate":"https:\/\/umwelt-leipzig.de\/foerdervereinumweltinformationszentrumcms\/?s={search_term_string}"},"query-input":{"@type":"PropertyValueSpecification","valueRequired":true,"valueName":"search_term_string"}}],"inLanguage":"de"},{"@type":"Person","@id":"https:\/\/umwelt-leipzig.de\/foerdervereinumweltinformationszentrumcms\/#\/schema\/person\/c2a315c74b5bfc8015488cded231ceb9","name":"Umweltinformationszentrum Leipzig","image":{"@type":"ImageObject","inLanguage":"de","@id":"https:\/\/umwelt-leipzig.de\/foerdervereinumweltinformationszentrumcms\/#\/schema\/person\/image\/","url":"https:\/\/secure.gravatar.com\/avatar\/98db8b26ac9038e533959cf02f11428d3a24180eba9a60614ade3cd609c3b89d?s=96&d=mm&r=g","contentUrl":"https:\/\/secure.gravatar.com\/avatar\/98db8b26ac9038e533959cf02f11428d3a24180eba9a60614ade3cd609c3b89d?s=96&d=mm&r=g","caption":"Umweltinformationszentrum Leipzig"},"sameAs":["http:\/\/umwelt-leipzig.de\/foerdervereinumweltinformationszentrumcms"],"url":"https:\/\/umwelt-leipzig.de\/foerdervereinumweltinformationszentrumcms\/author\/umweltinformationszentrum-leipzig\/"}]}},"jetpack_featured_media_url":"https:\/\/umwelt-leipzig.de\/foerdervereinumweltinformationszentrumcms\/wp-content\/uploads\/2021\/04\/bioabfall_foto_stadt_leipzig.jpg","jetpack_shortlink":"https:\/\/wp.me\/pcQFmY-dX","jetpack_sharing_enabled":true,"_links":{"self":[{"href":"https:\/\/umwelt-leipzig.de\/foerdervereinumweltinformationszentrumcms\/wp-json\/wp\/v2\/posts\/865","targetHints":{"allow":["GET"]}}],"collection":[{"href":"https:\/\/umwelt-leipzig.de\/foerdervereinumweltinformationszentrumcms\/wp-json\/wp\/v2\/posts"}],"about":[{"href":"https:\/\/umwelt-leipzig.de\/foerdervereinumweltinformationszentrumcms\/wp-json\/wp\/v2\/types\/post"}],"author":[{"embeddable":true,"href":"https:\/\/umwelt-leipzig.de\/foerdervereinumweltinformationszentrumcms\/wp-json\/wp\/v2\/users\/1"}],"replies":[{"embeddable":true,"href":"https:\/\/umwelt-leipzig.de\/foerdervereinumweltinformationszentrumcms\/wp-json\/wp\/v2\/comments?post=865"}],"version-history":[{"count":1,"href":"https:\/\/umwelt-leipzig.de\/foerdervereinumweltinformationszentrumcms\/wp-json\/wp\/v2\/posts\/865\/revisions"}],"predecessor-version":[{"id":866,"href":"https:\/\/umwelt-leipzig.de\/foerdervereinumweltinformationszentrumcms\/wp-json\/wp\/v2\/posts\/865\/revisions\/866"}],"wp:featuredmedia":[{"embeddable":true,"href":"https:\/\/umwelt-leipzig.de\/foerdervereinumweltinformationszentrumcms\/wp-json\/wp\/v2\/media\/287"}],"wp:attachment":[{"href":"https:\/\/umwelt-leipzig.de\/foerdervereinumweltinformationszentrumcms\/wp-json\/wp\/v2\/media?parent=865"}],"wp:term":[{"taxonomy":"category","embeddable":true,"href":"https:\/\/umwelt-leipzig.de\/foerdervereinumweltinformationszentrumcms\/wp-json\/wp\/v2\/categories?post=865"},{"taxonomy":"post_tag","embeddable":true,"href":"https:\/\/umwelt-leipzig.de\/foerdervereinumweltinformationszentrumcms\/wp-json\/wp\/v2\/tags?post=865"}],"curies":[{"name":"wp","href":"https:\/\/api.w.org\/{rel}","templated":true}]}}